{"id":1569,"date":"2020-10-20T10:36:51","date_gmt":"2020-10-20T08:36:51","guid":{"rendered":"http:\/\/www.f-d-d.eu\/?p=1569"},"modified":"2020-10-21T09:21:43","modified_gmt":"2020-10-21T07:21:43","slug":"debut-de-residence-a-milan-fusee-de-detresse-5","status":"publish","type":"post","link":"https:\/\/www.f-d-d.eu\/it\/debut-de-residence-a-milan-fusee-de-detresse-5\/","title":{"rendered":"D\u00e9but de r\u00e9sidence \u00e0 Milan &#8211; Fus\u00e9e de d\u00e9tresse #5"},"content":{"rendered":"<p>Cette semaine commencent les ateliers en vue de la cr\u00e9ation de Fus\u00e9e de d\u00e9tresse #5. Une dizaine d&#8217;interpr\u00e8tes dirig\u00e9s par le metteur en sc\u00e8ne Matteo Lanfranchi (<a href=\"https:\/\/effettolarsen.it\/\">Effetto Larsen<\/a>), vont se retrouver chaque jour pour travailler collectivement \u00e0 partir de textes extraits de <a href=\"http:\/\/encyclopedie-des-migrants.eu\/\"><em>L&#8217;Encyclop\u00e9die des migrants<\/em><\/a>.<\/p>\n<p>La performance sera pr\u00e9sent\u00e9e samedi 24 octobre \u00e0 15h et 17h \u00e0 la Piazzale Bacone (Milan), dans le cadre du <a href=\"http:\/\/www.danaefestival.com\/\">festival Danae.<\/a><\/p>\n<p>Retour en image sur la premi\u00e8re journ\u00e9e de r\u00e9p\u00e9tition gr\u00e2ce aux photos de Nani Blasco Moya.<\/p>\n\n\t\t<style type=\"text\/css\">\n\t\t\t#gallery-1 {\n\t\t\t\tmargin: auto;\n\t\t\t}\n\t\t\t#gallery-1 .gallery-item {\n\t\t\t\tfloat: left;\n\t\t\t\tmargin-top: 10px;\n\t\t\t\ttext-align: center;\n\t\t\t\twidth: 50%;\n\t\t\t}\n\t\t\t#gallery-1 img {\n\t\t\t\tborder: 2px solid #cfcfcf;\n\t\t\t}\n\t\t\t#gallery-1 .gallery-caption {\n\t\t\t\tmargin-left: 0;\n\t\t\t}\n\t\t\t\/* see gallery_shortcode() in wp-includes\/media.php *\/\n\t\t<\/style>\n\t\t<div id='gallery-1' class='gallery galleryid-1569 gallery-columns-2 gallery-size-full'><dl class='gallery-item'>\n\t\t\t<dt class='gallery-icon landscape'>\n\t\t\t\t<a href='https:\/\/www.f-d-d.eu\/it\/debut-de-residence-a-milan-fusee-de-detresse-5\/luici-d_emergenza-1\/'><img width=\"1200\" height=\"798\" src=\"https:\/\/www.f-d-d.eu\/wp-content\/uploads\/2020\/10\/Luici-d_emergenza-1.jpg\" class=\"attachment-full size-full\" alt=\"\" decoding=\"async\" loading=\"lazy\" srcset=\"https:\/\/www.f-d-d.eu\/wp-content\/uploads\/2020\/10\/Luici-d_emergenza-1.jpg 1200w, https:\/\/www.f-d-d.eu\/wp-content\/uploads\/2020\/10\/Luici-d_emergenza-1-300x200.jpg 300w, https:\/\/www.f-d-d.eu\/wp-content\/uploads\/2020\/10\/Luici-d_emergenza-1-1024x681.jpg 1024w, https:\/\/www.f-d-d.eu\/wp-content\/uploads\/2020\/10\/Luici-d_emergenza-1-768x511.jpg 768w\" sizes=\"(max-width: 1200px) 100vw, 1200px\" \/><\/a>\n\t\t\t<\/dt><\/dl><dl class='gallery-item'>\n\t\t\t<dt class='gallery-icon landscape'>\n\t\t\t\t<a href='https:\/\/www.f-d-d.eu\/it\/debut-de-residence-a-milan-fusee-de-detresse-5\/luici-d_emergenza-2\/'><img width=\"1200\" height=\"733\" src=\"https:\/\/www.f-d-d.eu\/wp-content\/uploads\/2020\/10\/Luici-d_emergenza-2.jpg\" class=\"attachment-full size-full\" alt=\"\" decoding=\"async\" loading=\"lazy\" srcset=\"https:\/\/www.f-d-d.eu\/wp-content\/uploads\/2020\/10\/Luici-d_emergenza-2.jpg 1200w, https:\/\/www.f-d-d.eu\/wp-content\/uploads\/2020\/10\/Luici-d_emergenza-2-300x183.jpg 300w, https:\/\/www.f-d-d.eu\/wp-content\/uploads\/2020\/10\/Luici-d_emergenza-2-1024x625.jpg 1024w, https:\/\/www.f-d-d.eu\/wp-content\/uploads\/2020\/10\/Luici-d_emergenza-2-768x469.jpg 768w\" sizes=\"(max-width: 1200px) 100vw, 1200px\" \/><\/a>\n\t\t\t<\/dt><\/dl><br style=\"clear: both\" \/><dl class='gallery-item'>\n\t\t\t<dt class='gallery-icon landscape'>\n\t\t\t\t<a href='https:\/\/www.f-d-d.eu\/it\/debut-de-residence-a-milan-fusee-de-detresse-5\/luici-d_emergenza-3\/'><img width=\"1200\" height=\"1071\" src=\"https:\/\/www.f-d-d.eu\/wp-content\/uploads\/2020\/10\/Luici-d_emergenza-3.jpg\" class=\"attachment-full size-full\" alt=\"\" decoding=\"async\" loading=\"lazy\" srcset=\"https:\/\/www.f-d-d.eu\/wp-content\/uploads\/2020\/10\/Luici-d_emergenza-3.jpg 1200w, https:\/\/www.f-d-d.eu\/wp-content\/uploads\/2020\/10\/Luici-d_emergenza-3-300x268.jpg 300w, https:\/\/www.f-d-d.eu\/wp-content\/uploads\/2020\/10\/Luici-d_emergenza-3-1024x914.jpg 1024w, https:\/\/www.f-d-d.eu\/wp-content\/uploads\/2020\/10\/Luici-d_emergenza-3-768x685.jpg 768w\" sizes=\"(max-width: 1200px) 100vw, 1200px\" \/><\/a>\n\t\t\t<\/dt><\/dl><dl class='gallery-item'>\n\t\t\t<dt class='gallery-icon landscape'>\n\t\t\t\t<a href='https:\/\/www.f-d-d.eu\/it\/debut-de-residence-a-milan-fusee-de-detresse-5\/luici-d_emergenza-4\/'><img width=\"1200\" height=\"808\" src=\"https:\/\/www.f-d-d.eu\/wp-content\/uploads\/2020\/10\/Luici-d_emergenza-4.jpg\" class=\"attachment-full size-full\" alt=\"\" decoding=\"async\" loading=\"lazy\" srcset=\"https:\/\/www.f-d-d.eu\/wp-content\/uploads\/2020\/10\/Luici-d_emergenza-4.jpg 1200w, https:\/\/www.f-d-d.eu\/wp-content\/uploads\/2020\/10\/Luici-d_emergenza-4-300x202.jpg 300w, https:\/\/www.f-d-d.eu\/wp-content\/uploads\/2020\/10\/Luici-d_emergenza-4-1024x689.jpg 1024w, https:\/\/www.f-d-d.eu\/wp-content\/uploads\/2020\/10\/Luici-d_emergenza-4-768x517.jpg 768w\" sizes=\"(max-width: 1200px) 100vw, 1200px\" \/><\/a>\n\t\t\t<\/dt><\/dl><br style=\"clear: both\" \/><dl class='gallery-item'>\n\t\t\t<dt class='gallery-icon landscape'>\n\t\t\t\t<a href='https:\/\/www.f-d-d.eu\/it\/debut-de-residence-a-milan-fusee-de-detresse-5\/luici-d_emergenza-5\/'><img width=\"1200\" height=\"989\" src=\"https:\/\/www.f-d-d.eu\/wp-content\/uploads\/2020\/10\/Luici-d_emergenza-5.jpg\" class=\"attachment-full size-full\" alt=\"\" decoding=\"async\" loading=\"lazy\" srcset=\"https:\/\/www.f-d-d.eu\/wp-content\/uploads\/2020\/10\/Luici-d_emergenza-5.jpg 1200w, https:\/\/www.f-d-d.eu\/wp-content\/uploads\/2020\/10\/Luici-d_emergenza-5-300x247.jpg 300w, https:\/\/www.f-d-d.eu\/wp-content\/uploads\/2020\/10\/Luici-d_emergenza-5-1024x844.jpg 1024w, https:\/\/www.f-d-d.eu\/wp-content\/uploads\/2020\/10\/Luici-d_emergenza-5-768x633.jpg 768w\" sizes=\"(max-width: 1200px) 100vw, 1200px\" \/><\/a>\n\t\t\t<\/dt><\/dl><dl class='gallery-item'>\n\t\t\t<dt class='gallery-icon landscape'>\n\t\t\t\t<a href='https:\/\/www.f-d-d.eu\/it\/debut-de-residence-a-milan-fusee-de-detresse-5\/luici-d_emergenza-6\/'><img width=\"1200\" height=\"801\" src=\"https:\/\/www.f-d-d.eu\/wp-content\/uploads\/2020\/10\/Luici-d_emergenza-6.jpg\" class=\"attachment-full size-full\" alt=\"\" decoding=\"async\" loading=\"lazy\" srcset=\"https:\/\/www.f-d-d.eu\/wp-content\/uploads\/2020\/10\/Luici-d_emergenza-6.jpg 1200w, https:\/\/www.f-d-d.eu\/wp-content\/uploads\/2020\/10\/Luici-d_emergenza-6-300x200.jpg 300w, https:\/\/www.f-d-d.eu\/wp-content\/uploads\/2020\/10\/Luici-d_emergenza-6-1024x684.jpg 1024w, https:\/\/www.f-d-d.eu\/wp-content\/uploads\/2020\/10\/Luici-d_emergenza-6-768x513.jpg 768w\" sizes=\"(max-width: 1200px) 100vw, 1200px\" \/><\/a>\n\t\t\t<\/dt><\/dl><br style=\"clear: both\" \/><dl class='gallery-item'>\n\t\t\t<dt class='gallery-icon landscape'>\n\t\t\t\t<a href='https:\/\/www.f-d-d.eu\/it\/debut-de-residence-a-milan-fusee-de-detresse-5\/luici-d_emergenza-7\/'><img width=\"1200\" height=\"957\" src=\"https:\/\/www.f-d-d.eu\/wp-content\/uploads\/2020\/10\/Luici-d_emergenza-7.jpg\" class=\"attachment-full size-full\" alt=\"\" decoding=\"async\" loading=\"lazy\" srcset=\"https:\/\/www.f-d-d.eu\/wp-content\/uploads\/2020\/10\/Luici-d_emergenza-7.jpg 1200w, https:\/\/www.f-d-d.eu\/wp-content\/uploads\/2020\/10\/Luici-d_emergenza-7-300x239.jpg 300w, https:\/\/www.f-d-d.eu\/wp-content\/uploads\/2020\/10\/Luici-d_emergenza-7-1024x817.jpg 1024w, https:\/\/www.f-d-d.eu\/wp-content\/uploads\/2020\/10\/Luici-d_emergenza-7-768x612.jpg 768w\" sizes=\"(max-width: 1200px) 100vw, 1200px\" \/><\/a>\n\t\t\t<\/dt><\/dl><dl class='gallery-item'>\n\t\t\t<dt class='gallery-icon landscape'>\n\t\t\t\t<a href='https:\/\/www.f-d-d.eu\/it\/debut-de-residence-a-milan-fusee-de-detresse-5\/luici-d_emergenza-8\/'><img width=\"1200\" height=\"844\" src=\"https:\/\/www.f-d-d.eu\/wp-content\/uploads\/2020\/10\/Luici-d_emergenza-8.jpg\" class=\"attachment-full size-full\" alt=\"\" decoding=\"async\" loading=\"lazy\" srcset=\"https:\/\/www.f-d-d.eu\/wp-content\/uploads\/2020\/10\/Luici-d_emergenza-8.jpg 1200w, https:\/\/www.f-d-d.eu\/wp-content\/uploads\/2020\/10\/Luici-d_emergenza-8-300x211.jpg 300w, https:\/\/www.f-d-d.eu\/wp-content\/uploads\/2020\/10\/Luici-d_emergenza-8-1024x720.jpg 1024w, https:\/\/www.f-d-d.eu\/wp-content\/uploads\/2020\/10\/Luici-d_emergenza-8-768x540.jpg 768w\" sizes=\"(max-width: 1200px) 100vw, 1200px\" \/><\/a>\n\t\t\t<\/dt><\/dl><br style=\"clear: both\" \/>\n\t\t<\/div>\n\n","protected":false},"excerpt":{"rendered":"<p>Cette semaine commencent les ateliers en vue de la cr\u00e9ation de Fus\u00e9e de d\u00e9tresse #5. Une dizaine d&#8217;interpr\u00e8tes dirig\u00e9s par le metteur en sc\u00e8ne Matteo Lanfranchi (Effetto Larsen), vont se retrouver chaque jour pour travailler collectivement \u00e0 partir de textes extraits de L&#8217;Encyclop\u00e9die des migrants. La performance sera pr\u00e9sent\u00e9e samedi 24 octobre \u00e0 15h et&#8230;  <\/p>\n<ul class=\"readmore\">\n<li><a class=\"excerpt-read-more\" href=\"https:\/\/www.f-d-d.eu\/it\/debut-de-residence-a-milan-fusee-de-detresse-5\/\" title=\"Leggi tutto D\u00e9but de r\u00e9sidence \u00e0 Milan &#8211; Fus\u00e9e de d\u00e9tresse #5\">Leggi tutto <\/a><\/li>\n<\/ul>\n","protected":false},"author":3,"featured_media":1571,"comment_status":"closed","ping_status":"closed","sticky":false,"template":"","format":"standard","meta":{"footnotes":""},"categories":[1,10],"tags":[],"translation":{"provider":"WPGlobus","version":"2.12.2","language":"it","enabled_languages":["fr","en","es","pt","tr","it"],"languages":{"fr":{"title":true,"content":true,"excerpt":false},"en":{"title":true,"content":true,"excerpt":false},"es":{"title":false,"content":false,"excerpt":false},"pt":{"title":false,"content":false,"excerpt":false},"tr":{"title":false,"content":false,"excerpt":false},"it":{"title":false,"content":false,"excerpt":false}}},"acf":[],"_links":{"self":[{"href":"https:\/\/www.f-d-d.eu\/it\/wp-json\/wp\/v2\/posts\/1569"}],"collection":[{"href":"https:\/\/www.f-d-d.eu\/it\/wp-json\/wp\/v2\/posts"}],"about":[{"href":"https:\/\/www.f-d-d.eu\/it\/wp-json\/wp\/v2\/types\/post"}],"author":[{"embeddable":true,"href":"https:\/\/www.f-d-d.eu\/it\/wp-json\/wp\/v2\/users\/3"}],"replies":[{"embeddable":true,"href":"https:\/\/www.f-d-d.eu\/it\/wp-json\/wp\/v2\/comments?post=1569"}],"version-history":[{"count":6,"href":"https:\/\/www.f-d-d.eu\/it\/wp-json\/wp\/v2\/posts\/1569\/revisions"}],"predecessor-version":[{"id":1581,"href":"https:\/\/www.f-d-d.eu\/it\/wp-json\/wp\/v2\/posts\/1569\/revisions\/1581"}],"wp:featuredmedia":[{"embeddable":true,"href":"https:\/\/www.f-d-d.eu\/it\/wp-json\/wp\/v2\/media\/1571"}],"wp:attachment":[{"href":"https:\/\/www.f-d-d.eu\/it\/wp-json\/wp\/v2\/media?parent=1569"}],"wp:term":[{"taxonomy":"category","embeddable":true,"href":"https:\/\/www.f-d-d.eu\/it\/wp-json\/wp\/v2\/categories?post=1569"},{"taxonomy":"post_tag","embeddable":true,"href":"https:\/\/www.f-d-d.eu\/it\/wp-json\/wp\/v2\/tags?post=1569"}],"curies":[{"name":"wp","href":"https:\/\/api.w.org\/{rel}","templated":true}]}}