{"id":1644,"date":"2021-01-26T17:25:02","date_gmt":"2021-01-26T16:25:02","guid":{"rendered":"http:\/\/www.f-d-d.eu\/?p=1644"},"modified":"2021-03-29T09:28:05","modified_gmt":"2021-03-29T07:28:05","slug":"fusee-de-detresse-6-lisbonne","status":"publish","type":"post","link":"https:\/\/www.f-d-d.eu\/pt\/fusee-de-detresse-6-lisbonne\/","title":{"rendered":"FOGUETE DE EMERG\u00caNCIA EM LISBOA"},"content":{"rendered":"<p>De 19 a 23 de Abril ocorre, em Lisboa, no \u00e2mbito do projecto <em>Foguete de Emerg\u00eancia<\/em>, uma resid\u00eancia conduzida pela core\u00f3grafa Aldara Bizarro.<br \/>\nA performance <em>Foguete de Emerg\u00eancia #6<\/em> ser\u00e1 apresentada no s\u00e1bado, 24 de Abril no Mercado de Culturas (11h) e no domingo, 25 de Abril, no Cinema S. Jorge (11h) como parte do <em>Festival Pol\u00edtica<\/em>.<\/p>\n<p>Mais informa\u00e7\u00f5es em breve.<\/p>\n","protected":false},"excerpt":{"rendered":"<p>De 19 a 23 de Abril ocorre, em Lisboa, no \u00e2mbito do projecto Foguete de Emerg\u00eancia, uma resid\u00eancia conduzida pela core\u00f3grafa Aldara Bizarro. A performance Foguete de Emerg\u00eancia #6 ser\u00e1 apresentada no s\u00e1bado, 24 de Abril no Mercado de Culturas (11h) e no domingo, 25 de Abril, no Cinema S. Jorge (11h) como parte do&#8230;  <\/p>\n<ul class=\"readmore\">\n<li><a class=\"excerpt-read-more\" href=\"https:\/\/www.f-d-d.eu\/pt\/fusee-de-detresse-6-lisbonne\/\" title=\"Read more FOGUETE DE EMERG\u00caNCIA EM LISBOA\">Read more <\/a><\/li>\n<\/ul>\n","protected":false},"author":3,"featured_media":1646,"comment_status":"open","ping_status":"open","sticky":false,"template":"","format":"standard","meta":{"footnotes":""},"categories":[1,11],"tags":[],"translation":{"provider":"WPGlobus","version":"2.12.2","language":"pt","enabled_languages":["fr","en","es","pt","tr","it"],"languages":{"fr":{"title":true,"content":true,"excerpt":false},"en":{"title":false,"content":false,"excerpt":false},"es":{"title":false,"content":false,"excerpt":false},"pt":{"title":true,"content":true,"excerpt":false},"tr":{"title":false,"content":false,"excerpt":false},"it":{"title":false,"content":false,"excerpt":false}}},"acf":[],"_links":{"self":[{"href":"https:\/\/www.f-d-d.eu\/pt\/wp-json\/wp\/v2\/posts\/1644"}],"collection":[{"href":"https:\/\/www.f-d-d.eu\/pt\/wp-json\/wp\/v2\/posts"}],"about":[{"href":"https:\/\/www.f-d-d.eu\/pt\/wp-json\/wp\/v2\/types\/post"}],"author":[{"embeddable":true,"href":"https:\/\/www.f-d-d.eu\/pt\/wp-json\/wp\/v2\/users\/3"}],"replies":[{"embeddable":true,"href":"https:\/\/www.f-d-d.eu\/pt\/wp-json\/wp\/v2\/comments?post=1644"}],"version-history":[{"count":10,"href":"https:\/\/www.f-d-d.eu\/pt\/wp-json\/wp\/v2\/posts\/1644\/revisions"}],"predecessor-version":[{"id":1755,"href":"https:\/\/www.f-d-d.eu\/pt\/wp-json\/wp\/v2\/posts\/1644\/revisions\/1755"}],"wp:featuredmedia":[{"embeddable":true,"href":"https:\/\/www.f-d-d.eu\/pt\/wp-json\/wp\/v2\/media\/1646"}],"wp:attachment":[{"href":"https:\/\/www.f-d-d.eu\/pt\/wp-json\/wp\/v2\/media?parent=1644"}],"wp:term":[{"taxonomy":"category","embeddable":true,"href":"https:\/\/www.f-d-d.eu\/pt\/wp-json\/wp\/v2\/categories?post=1644"},{"taxonomy":"post_tag","embeddable":true,"href":"https:\/\/www.f-d-d.eu\/pt\/wp-json\/wp\/v2\/tags?post=1644"}],"curies":[{"name":"wp","href":"https:\/\/api.w.org\/{rel}","templated":true}]}}