{"id":1975,"date":"2021-07-08T14:11:29","date_gmt":"2021-07-08T12:11:29","guid":{"rendered":"https:\/\/www.f-d-d.eu\/?p=1975"},"modified":"2021-09-23T11:59:02","modified_gmt":"2021-09-23T09:59:02","slug":"fusee-de-detresse-7-retour-sur-la-semaine-de-residence","status":"publish","type":"post","link":"https:\/\/www.f-d-d.eu\/pt\/fusee-de-detresse-7-retour-sur-la-semaine-de-residence\/","title":{"rendered":"Fus\u00e9e de d\u00e9tresse #7 \u2014 Retour sur la semaine de r\u00e9sidence"},"content":{"rendered":"<p>La semaine de r\u00e9sidence de cr\u00e9ation pour la performance <em>Fus\u00e9e de d\u00e9tresse #7<\/em> est termin\u00e9e ! Retour en images sur une semaine riche en partage.<\/p>\n<p>Mise en sc\u00e8ne : Paloma Fern\u00e1ndez Sobrino<br \/>\nDirection musicale : Alain Brunier<br \/>\nVioloncellistes : Alain Brunier, Maxime Lequesne, Matteo Di Capua, Mathilde Bacon, Dimitri Pereira Dos Santos, Barth\u00e9l\u00e9my Blin, Sol\u00e8ne Spiers et Camille Denjean<br \/>\nLecteurs : Beno\u00eet Hattet, Rahaf Demashki, Andr\u00e9 Belo<br \/>\nDanseur : Bidj\u00e9 de Rosa<br \/>\nCoproduction : Les Tomb\u00e9es de la Nuit, Conservatoire de Rennes, CCNRB<br \/>\nLieu : Centre Chor\u00e9graphique National de Rennes et de Bretagne<br \/>\nPhotographie : \u00a9 Nani Blasco Moya \/ \u00a9 L\u00e9a Gosselin<\/p>\n<p>\u2192 JOUR 1 : lundi 28 juin 2021<\/p>\n\n\t\t<style type=\"text\/css\">\n\t\t\t#gallery-1 {\n\t\t\t\tmargin: auto;\n\t\t\t}\n\t\t\t#gallery-1 .gallery-item {\n\t\t\t\tfloat: left;\n\t\t\t\tmargin-top: 10px;\n\t\t\t\ttext-align: center;\n\t\t\t\twidth: 50%;\n\t\t\t}\n\t\t\t#gallery-1 img {\n\t\t\t\tborder: 2px solid #cfcfcf;\n\t\t\t}\n\t\t\t#gallery-1 .gallery-caption {\n\t\t\t\tmargin-left: 0;\n\t\t\t}\n\t\t\t\/* see gallery_shortcode() in wp-includes\/media.php *\/\n\t\t<\/style>\n\t\t<div id='gallery-1' class='gallery galleryid-1975 gallery-columns-2 gallery-size-full'><dl class='gallery-item'>\n\t\t\t<dt class='gallery-icon landscape'>\n\t\t\t\t<a href='https:\/\/www.f-d-d.eu\/pt\/fusee-de-detresse-7-retour-sur-la-semaine-de-residence\/fdd-rennes-6\/'><img width=\"2560\" height=\"1676\" src=\"https:\/\/www.f-d-d.eu\/wp-content\/uploads\/2021\/07\/FDD-Rennes-6-scaled.jpeg\" class=\"attachment-full size-full\" alt=\"\" decoding=\"async\" aria-describedby=\"gallery-1-1977\" loading=\"lazy\" srcset=\"https:\/\/www.f-d-d.eu\/wp-content\/uploads\/2021\/07\/FDD-Rennes-6-scaled.jpeg 2560w, https:\/\/www.f-d-d.eu\/wp-content\/uploads\/2021\/07\/FDD-Rennes-6-300x196.jpeg 300w, https:\/\/www.f-d-d.eu\/wp-content\/uploads\/2021\/07\/FDD-Rennes-6-1024x670.jpeg 1024w, https:\/\/www.f-d-d.eu\/wp-content\/uploads\/2021\/07\/FDD-Rennes-6-768x503.jpeg 768w, https:\/\/www.f-d-d.eu\/wp-content\/uploads\/2021\/07\/FDD-Rennes-6-1536x1006.jpeg 1536w, https:\/\/www.f-d-d.eu\/wp-content\/uploads\/2021\/07\/FDD-Rennes-6-2048x1341.jpeg 2048w\" sizes=\"(max-width: 2560px) 100vw, 2560px\" \/><\/a>\n\t\t\t<\/dt>\n\t\t\t\t<dd class='wp-caption-text gallery-caption' id='gallery-1-1977'>\n\t\t\t\t\u00a9 Nani Blasco Moya\n\t\t\t\t<\/dd><\/dl><dl class='gallery-item'>\n\t\t\t<dt class='gallery-icon landscape'>\n\t\t\t\t<a href='https:\/\/www.f-d-d.eu\/pt\/fusee-de-detresse-7-retour-sur-la-semaine-de-residence\/fdd-rennes-8\/'><img width=\"2087\" height=\"2039\" src=\"https:\/\/www.f-d-d.eu\/wp-content\/uploads\/2021\/07\/FDD-Rennes-8.jpeg\" class=\"attachment-full size-full\" alt=\"\" decoding=\"async\" aria-describedby=\"gallery-1-1978\" loading=\"lazy\" srcset=\"https:\/\/www.f-d-d.eu\/wp-content\/uploads\/2021\/07\/FDD-Rennes-8.jpeg 2087w, https:\/\/www.f-d-d.eu\/wp-content\/uploads\/2021\/07\/FDD-Rennes-8-300x293.jpeg 300w, https:\/\/www.f-d-d.eu\/wp-content\/uploads\/2021\/07\/FDD-Rennes-8-1024x1000.jpeg 1024w, https:\/\/www.f-d-d.eu\/wp-content\/uploads\/2021\/07\/FDD-Rennes-8-768x750.jpeg 768w, https:\/\/www.f-d-d.eu\/wp-content\/uploads\/2021\/07\/FDD-Rennes-8-1536x1501.jpeg 1536w, https:\/\/www.f-d-d.eu\/wp-content\/uploads\/2021\/07\/FDD-Rennes-8-2048x2001.jpeg 2048w\" sizes=\"(max-width: 2087px) 100vw, 2087px\" \/><\/a>\n\t\t\t<\/dt>\n\t\t\t\t<dd class='wp-caption-text gallery-caption' id='gallery-1-1978'>\n\t\t\t\t\u00a9 Nani Blasco Moya\n\t\t\t\t<\/dd><\/dl><br style=\"clear: both\" \/><dl class='gallery-item'>\n\t\t\t<dt class='gallery-icon landscape'>\n\t\t\t\t<a href='https:\/\/www.f-d-d.eu\/pt\/fusee-de-detresse-7-retour-sur-la-semaine-de-residence\/fdd-rennes-11\/'><img width=\"2560\" height=\"1707\" src=\"https:\/\/www.f-d-d.eu\/wp-content\/uploads\/2021\/07\/FDD-Rennes-11-scaled.jpeg\" class=\"attachment-full size-full\" alt=\"\" decoding=\"async\" aria-describedby=\"gallery-1-1979\" loading=\"lazy\" srcset=\"https:\/\/www.f-d-d.eu\/wp-content\/uploads\/2021\/07\/FDD-Rennes-11-scaled.jpeg 2560w, https:\/\/www.f-d-d.eu\/wp-content\/uploads\/2021\/07\/FDD-Rennes-11-300x200.jpeg 300w, https:\/\/www.f-d-d.eu\/wp-content\/uploads\/2021\/07\/FDD-Rennes-11-1024x683.jpeg 1024w, https:\/\/www.f-d-d.eu\/wp-content\/uploads\/2021\/07\/FDD-Rennes-11-768x512.jpeg 768w, https:\/\/www.f-d-d.eu\/wp-content\/uploads\/2021\/07\/FDD-Rennes-11-1536x1024.jpeg 1536w, https:\/\/www.f-d-d.eu\/wp-content\/uploads\/2021\/07\/FDD-Rennes-11-2048x1365.jpeg 2048w\" sizes=\"(max-width: 2560px) 100vw, 2560px\" \/><\/a>\n\t\t\t<\/dt>\n\t\t\t\t<dd class='wp-caption-text gallery-caption' id='gallery-1-1979'>\n\t\t\t\t\u00a9 Nani Blasco Moya\n\t\t\t\t<\/dd><\/dl><dl class='gallery-item'>\n\t\t\t<dt class='gallery-icon landscape'>\n\t\t\t\t<a href='https:\/\/www.f-d-d.eu\/pt\/fusee-de-detresse-7-retour-sur-la-semaine-de-residence\/fdd-rennes-12\/'><img width=\"2560\" height=\"1707\" src=\"https:\/\/www.f-d-d.eu\/wp-content\/uploads\/2021\/07\/FDD-Rennes-12-scaled.jpeg\" class=\"attachment-full size-full\" alt=\"\" decoding=\"async\" aria-describedby=\"gallery-1-1980\" loading=\"lazy\" srcset=\"https:\/\/www.f-d-d.eu\/wp-content\/uploads\/2021\/07\/FDD-Rennes-12-scaled.jpeg 2560w, https:\/\/www.f-d-d.eu\/wp-content\/uploads\/2021\/07\/FDD-Rennes-12-300x200.jpeg 300w, https:\/\/www.f-d-d.eu\/wp-content\/uploads\/2021\/07\/FDD-Rennes-12-1024x683.jpeg 1024w, https:\/\/www.f-d-d.eu\/wp-content\/uploads\/2021\/07\/FDD-Rennes-12-768x512.jpeg 768w, https:\/\/www.f-d-d.eu\/wp-content\/uploads\/2021\/07\/FDD-Rennes-12-1536x1024.jpeg 1536w, https:\/\/www.f-d-d.eu\/wp-content\/uploads\/2021\/07\/FDD-Rennes-12-2048x1365.jpeg 2048w\" sizes=\"(max-width: 2560px) 100vw, 2560px\" \/><\/a>\n\t\t\t<\/dt>\n\t\t\t\t<dd class='wp-caption-text gallery-caption' id='gallery-1-1980'>\n\t\t\t\t\u00a9 Nani Blasco Moya\n\t\t\t\t<\/dd><\/dl><br style=\"clear: both\" \/><dl class='gallery-item'>\n\t\t\t<dt class='gallery-icon landscape'>\n\t\t\t\t<a href='https:\/\/www.f-d-d.eu\/pt\/fusee-de-detresse-7-retour-sur-la-semaine-de-residence\/fdd-rennes-13\/'><img width=\"2560\" height=\"1707\" src=\"https:\/\/www.f-d-d.eu\/wp-content\/uploads\/2021\/07\/FDD-Rennes-13-scaled.jpeg\" class=\"attachment-full size-full\" alt=\"\" decoding=\"async\" aria-describedby=\"gallery-1-1981\" loading=\"lazy\" srcset=\"https:\/\/www.f-d-d.eu\/wp-content\/uploads\/2021\/07\/FDD-Rennes-13-scaled.jpeg 2560w, https:\/\/www.f-d-d.eu\/wp-content\/uploads\/2021\/07\/FDD-Rennes-13-300x200.jpeg 300w, https:\/\/www.f-d-d.eu\/wp-content\/uploads\/2021\/07\/FDD-Rennes-13-1024x683.jpeg 1024w, https:\/\/www.f-d-d.eu\/wp-content\/uploads\/2021\/07\/FDD-Rennes-13-768x512.jpeg 768w, https:\/\/www.f-d-d.eu\/wp-content\/uploads\/2021\/07\/FDD-Rennes-13-1536x1024.jpeg 1536w, https:\/\/www.f-d-d.eu\/wp-content\/uploads\/2021\/07\/FDD-Rennes-13-2048x1365.jpeg 2048w\" sizes=\"(max-width: 2560px) 100vw, 2560px\" \/><\/a>\n\t\t\t<\/dt>\n\t\t\t\t<dd class='wp-caption-text gallery-caption' id='gallery-1-1981'>\n\t\t\t\t\u00a9 Nani Blasco Moya\n\t\t\t\t<\/dd><\/dl><dl class='gallery-item'>\n\t\t\t<dt class='gallery-icon landscape'>\n\t\t\t\t<a href='https:\/\/www.f-d-d.eu\/pt\/fusee-de-detresse-7-retour-sur-la-semaine-de-residence\/fdd-rennes-14\/'><img width=\"2560\" height=\"1707\" src=\"https:\/\/www.f-d-d.eu\/wp-content\/uploads\/2021\/07\/FDD-Rennes-14-scaled.jpeg\" class=\"attachment-full size-full\" alt=\"\" decoding=\"async\" aria-describedby=\"gallery-1-1982\" loading=\"lazy\" srcset=\"https:\/\/www.f-d-d.eu\/wp-content\/uploads\/2021\/07\/FDD-Rennes-14-scaled.jpeg 2560w, https:\/\/www.f-d-d.eu\/wp-content\/uploads\/2021\/07\/FDD-Rennes-14-300x200.jpeg 300w, https:\/\/www.f-d-d.eu\/wp-content\/uploads\/2021\/07\/FDD-Rennes-14-1024x683.jpeg 1024w, https:\/\/www.f-d-d.eu\/wp-content\/uploads\/2021\/07\/FDD-Rennes-14-768x512.jpeg 768w, https:\/\/www.f-d-d.eu\/wp-content\/uploads\/2021\/07\/FDD-Rennes-14-1536x1024.jpeg 1536w, https:\/\/www.f-d-d.eu\/wp-content\/uploads\/2021\/07\/FDD-Rennes-14-2048x1365.jpeg 2048w\" sizes=\"(max-width: 2560px) 100vw, 2560px\" \/><\/a>\n\t\t\t<\/dt>\n\t\t\t\t<dd class='wp-caption-text gallery-caption' id='gallery-1-1982'>\n\t\t\t\t\u00a9 Nani Blasco Moya\n\t\t\t\t<\/dd><\/dl><br style=\"clear: both\" \/><dl class='gallery-item'>\n\t\t\t<dt class='gallery-icon landscape'>\n\t\t\t\t<a href='https:\/\/www.f-d-d.eu\/pt\/fusee-de-detresse-7-retour-sur-la-semaine-de-residence\/img_5044\/'><img width=\"2560\" height=\"1707\" src=\"https:\/\/www.f-d-d.eu\/wp-content\/uploads\/2021\/07\/IMG_5044-scaled.jpg\" class=\"attachment-full size-full\" alt=\"\" decoding=\"async\" aria-describedby=\"gallery-1-1983\" loading=\"lazy\" srcset=\"https:\/\/www.f-d-d.eu\/wp-content\/uploads\/2021\/07\/IMG_5044-scaled.jpg 2560w, https:\/\/www.f-d-d.eu\/wp-content\/uploads\/2021\/07\/IMG_5044-300x200.jpg 300w, https:\/\/www.f-d-d.eu\/wp-content\/uploads\/2021\/07\/IMG_5044-1024x683.jpg 1024w, https:\/\/www.f-d-d.eu\/wp-content\/uploads\/2021\/07\/IMG_5044-768x512.jpg 768w, https:\/\/www.f-d-d.eu\/wp-content\/uploads\/2021\/07\/IMG_5044-1536x1024.jpg 1536w, https:\/\/www.f-d-d.eu\/wp-content\/uploads\/2021\/07\/IMG_5044-2048x1365.jpg 2048w\" sizes=\"(max-width: 2560px) 100vw, 2560px\" \/><\/a>\n\t\t\t<\/dt>\n\t\t\t\t<dd class='wp-caption-text gallery-caption' id='gallery-1-1983'>\n\t\t\t\t\u00a9 L\u00e9a Gosselin\n\t\t\t\t<\/dd><\/dl><dl class='gallery-item'>\n\t\t\t<dt class='gallery-icon landscape'>\n\t\t\t\t<a href='https:\/\/www.f-d-d.eu\/pt\/fusee-de-detresse-7-retour-sur-la-semaine-de-residence\/img_5058\/'><img width=\"2560\" height=\"1707\" src=\"https:\/\/www.f-d-d.eu\/wp-content\/uploads\/2021\/07\/IMG_5058-scaled.jpg\" class=\"attachment-full size-full\" alt=\"\" decoding=\"async\" aria-describedby=\"gallery-1-1984\" loading=\"lazy\" srcset=\"https:\/\/www.f-d-d.eu\/wp-content\/uploads\/2021\/07\/IMG_5058-scaled.jpg 2560w, https:\/\/www.f-d-d.eu\/wp-content\/uploads\/2021\/07\/IMG_5058-300x200.jpg 300w, https:\/\/www.f-d-d.eu\/wp-content\/uploads\/2021\/07\/IMG_5058-1024x683.jpg 1024w, https:\/\/www.f-d-d.eu\/wp-content\/uploads\/2021\/07\/IMG_5058-768x512.jpg 768w, https:\/\/www.f-d-d.eu\/wp-content\/uploads\/2021\/07\/IMG_5058-1536x1024.jpg 1536w, https:\/\/www.f-d-d.eu\/wp-content\/uploads\/2021\/07\/IMG_5058-2048x1365.jpg 2048w\" sizes=\"(max-width: 2560px) 100vw, 2560px\" \/><\/a>\n\t\t\t<\/dt>\n\t\t\t\t<dd class='wp-caption-text gallery-caption' id='gallery-1-1984'>\n\t\t\t\t\u00a9 L\u00e9a Gosselin\n\t\t\t\t<\/dd><\/dl><br style=\"clear: both\" \/><dl class='gallery-item'>\n\t\t\t<dt class='gallery-icon landscape'>\n\t\t\t\t<a href='https:\/\/www.f-d-d.eu\/pt\/fusee-de-detresse-7-retour-sur-la-semaine-de-residence\/img_5082\/'><img width=\"2560\" height=\"1707\" src=\"https:\/\/www.f-d-d.eu\/wp-content\/uploads\/2021\/07\/IMG_5082-scaled.jpg\" class=\"attachment-full size-full\" alt=\"\" decoding=\"async\" aria-describedby=\"gallery-1-1985\" loading=\"lazy\" srcset=\"https:\/\/www.f-d-d.eu\/wp-content\/uploads\/2021\/07\/IMG_5082-scaled.jpg 2560w, https:\/\/www.f-d-d.eu\/wp-content\/uploads\/2021\/07\/IMG_5082-300x200.jpg 300w, https:\/\/www.f-d-d.eu\/wp-content\/uploads\/2021\/07\/IMG_5082-1024x683.jpg 1024w, https:\/\/www.f-d-d.eu\/wp-content\/uploads\/2021\/07\/IMG_5082-768x512.jpg 768w, https:\/\/www.f-d-d.eu\/wp-content\/uploads\/2021\/07\/IMG_5082-1536x1024.jpg 1536w, https:\/\/www.f-d-d.eu\/wp-content\/uploads\/2021\/07\/IMG_5082-2048x1365.jpg 2048w\" sizes=\"(max-width: 2560px) 100vw, 2560px\" \/><\/a>\n\t\t\t<\/dt>\n\t\t\t\t<dd class='wp-caption-text gallery-caption' id='gallery-1-1985'>\n\t\t\t\t\u00a9 L\u00e9a Gosselin\n\t\t\t\t<\/dd><\/dl><dl class='gallery-item'>\n\t\t\t<dt class='gallery-icon landscape'>\n\t\t\t\t<a href='https:\/\/www.f-d-d.eu\/pt\/fusee-de-detresse-7-retour-sur-la-semaine-de-residence\/img_5121\/'><img width=\"2560\" height=\"1707\" src=\"https:\/\/www.f-d-d.eu\/wp-content\/uploads\/2021\/07\/IMG_5121-scaled.jpg\" class=\"attachment-full size-full\" alt=\"\" decoding=\"async\" aria-describedby=\"gallery-1-1986\" loading=\"lazy\" srcset=\"https:\/\/www.f-d-d.eu\/wp-content\/uploads\/2021\/07\/IMG_5121-scaled.jpg 2560w, https:\/\/www.f-d-d.eu\/wp-content\/uploads\/2021\/07\/IMG_5121-300x200.jpg 300w, https:\/\/www.f-d-d.eu\/wp-content\/uploads\/2021\/07\/IMG_5121-1024x683.jpg 1024w, https:\/\/www.f-d-d.eu\/wp-content\/uploads\/2021\/07\/IMG_5121-768x512.jpg 768w, https:\/\/www.f-d-d.eu\/wp-content\/uploads\/2021\/07\/IMG_5121-1536x1024.jpg 1536w, https:\/\/www.f-d-d.eu\/wp-content\/uploads\/2021\/07\/IMG_5121-2048x1365.jpg 2048w\" sizes=\"(max-width: 2560px) 100vw, 2560px\" \/><\/a>\n\t\t\t<\/dt>\n\t\t\t\t<dd class='wp-caption-text gallery-caption' id='gallery-1-1986'>\n\t\t\t\t\u00a9 L\u00e9a Gosselin\n\t\t\t\t<\/dd><\/dl><br style=\"clear: both\" \/>\n\t\t<\/div>\n\n<p>\u2192 JOUR 2 : mardi 29 juin 2021<\/p>\n\n\t\t<style type=\"text\/css\">\n\t\t\t#gallery-2 {\n\t\t\t\tmargin: auto;\n\t\t\t}\n\t\t\t#gallery-2 .gallery-item {\n\t\t\t\tfloat: left;\n\t\t\t\tmargin-top: 10px;\n\t\t\t\ttext-align: center;\n\t\t\t\twidth: 50%;\n\t\t\t}\n\t\t\t#gallery-2 img {\n\t\t\t\tborder: 2px solid #cfcfcf;\n\t\t\t}\n\t\t\t#gallery-2 .gallery-caption {\n\t\t\t\tmargin-left: 0;\n\t\t\t}\n\t\t\t\/* see gallery_shortcode() in wp-includes\/media.php *\/\n\t\t<\/style>\n\t\t<div id='gallery-2' class='gallery galleryid-1975 gallery-columns-2 gallery-size-full'><dl class='gallery-item'>\n\t\t\t<dt class='gallery-icon landscape'>\n\t\t\t\t<a href='https:\/\/www.f-d-d.eu\/pt\/fusee-de-detresse-7-retour-sur-la-semaine-de-residence\/fdd-rennes-jour-2-1\/'><img width=\"2560\" height=\"1707\" src=\"https:\/\/www.f-d-d.eu\/wp-content\/uploads\/2021\/07\/FDD-Rennes-jour-2-1-scaled.jpeg\" class=\"attachment-full size-full\" alt=\"\" decoding=\"async\" aria-describedby=\"gallery-2-1989\" loading=\"lazy\" srcset=\"https:\/\/www.f-d-d.eu\/wp-content\/uploads\/2021\/07\/FDD-Rennes-jour-2-1-scaled.jpeg 2560w, https:\/\/www.f-d-d.eu\/wp-content\/uploads\/2021\/07\/FDD-Rennes-jour-2-1-300x200.jpeg 300w, https:\/\/www.f-d-d.eu\/wp-content\/uploads\/2021\/07\/FDD-Rennes-jour-2-1-1024x683.jpeg 1024w, https:\/\/www.f-d-d.eu\/wp-content\/uploads\/2021\/07\/FDD-Rennes-jour-2-1-768x512.jpeg 768w, https:\/\/www.f-d-d.eu\/wp-content\/uploads\/2021\/07\/FDD-Rennes-jour-2-1-1536x1024.jpeg 1536w, https:\/\/www.f-d-d.eu\/wp-content\/uploads\/2021\/07\/FDD-Rennes-jour-2-1-2048x1365.jpeg 2048w\" sizes=\"(max-width: 2560px) 100vw, 2560px\" \/><\/a>\n\t\t\t<\/dt>\n\t\t\t\t<dd class='wp-caption-text gallery-caption' id='gallery-2-1989'>\n\t\t\t\t\u00a9 Nani Blasco Moya\n\t\t\t\t<\/dd><\/dl><dl class='gallery-item'>\n\t\t\t<dt class='gallery-icon landscape'>\n\t\t\t\t<a href='https:\/\/www.f-d-d.eu\/pt\/fusee-de-detresse-7-retour-sur-la-semaine-de-residence\/fdd-rennes-jour-2-2\/'><img width=\"2560\" height=\"1707\" src=\"https:\/\/www.f-d-d.eu\/wp-content\/uploads\/2021\/07\/FDD-Rennes-jour-2-2-scaled.jpeg\" class=\"attachment-full size-full\" alt=\"\" decoding=\"async\" aria-describedby=\"gallery-2-1990\" loading=\"lazy\" srcset=\"https:\/\/www.f-d-d.eu\/wp-content\/uploads\/2021\/07\/FDD-Rennes-jour-2-2-scaled.jpeg 2560w, https:\/\/www.f-d-d.eu\/wp-content\/uploads\/2021\/07\/FDD-Rennes-jour-2-2-300x200.jpeg 300w, https:\/\/www.f-d-d.eu\/wp-content\/uploads\/2021\/07\/FDD-Rennes-jour-2-2-1024x683.jpeg 1024w, https:\/\/www.f-d-d.eu\/wp-content\/uploads\/2021\/07\/FDD-Rennes-jour-2-2-768x512.jpeg 768w, https:\/\/www.f-d-d.eu\/wp-content\/uploads\/2021\/07\/FDD-Rennes-jour-2-2-1536x1024.jpeg 1536w, https:\/\/www.f-d-d.eu\/wp-content\/uploads\/2021\/07\/FDD-Rennes-jour-2-2-2048x1365.jpeg 2048w\" sizes=\"(max-width: 2560px) 100vw, 2560px\" \/><\/a>\n\t\t\t<\/dt>\n\t\t\t\t<dd class='wp-caption-text gallery-caption' id='gallery-2-1990'>\n\t\t\t\t\u00a9 Nani Blasco Moya\n\t\t\t\t<\/dd><\/dl><br style=\"clear: both\" \/><dl class='gallery-item'>\n\t\t\t<dt class='gallery-icon landscape'>\n\t\t\t\t<a href='https:\/\/www.f-d-d.eu\/pt\/fusee-de-detresse-7-retour-sur-la-semaine-de-residence\/fdd-rennes-jour-2-4\/'><img width=\"2560\" height=\"1707\" src=\"https:\/\/www.f-d-d.eu\/wp-content\/uploads\/2021\/07\/FDD-Rennes-jour-2-4-scaled.jpeg\" class=\"attachment-full size-full\" alt=\"\" decoding=\"async\" aria-describedby=\"gallery-2-1992\" loading=\"lazy\" srcset=\"https:\/\/www.f-d-d.eu\/wp-content\/uploads\/2021\/07\/FDD-Rennes-jour-2-4-scaled.jpeg 2560w, https:\/\/www.f-d-d.eu\/wp-content\/uploads\/2021\/07\/FDD-Rennes-jour-2-4-300x200.jpeg 300w, https:\/\/www.f-d-d.eu\/wp-content\/uploads\/2021\/07\/FDD-Rennes-jour-2-4-1024x683.jpeg 1024w, https:\/\/www.f-d-d.eu\/wp-content\/uploads\/2021\/07\/FDD-Rennes-jour-2-4-768x512.jpeg 768w, https:\/\/www.f-d-d.eu\/wp-content\/uploads\/2021\/07\/FDD-Rennes-jour-2-4-1536x1024.jpeg 1536w, https:\/\/www.f-d-d.eu\/wp-content\/uploads\/2021\/07\/FDD-Rennes-jour-2-4-2048x1365.jpeg 2048w\" sizes=\"(max-width: 2560px) 100vw, 2560px\" \/><\/a>\n\t\t\t<\/dt>\n\t\t\t\t<dd class='wp-caption-text gallery-caption' id='gallery-2-1992'>\n\t\t\t\t\u00a9 Nani Blasco Moya\n\t\t\t\t<\/dd><\/dl><dl class='gallery-item'>\n\t\t\t<dt class='gallery-icon landscape'>\n\t\t\t\t<a href='https:\/\/www.f-d-d.eu\/pt\/fusee-de-detresse-7-retour-sur-la-semaine-de-residence\/fdd-rennes-jour-2-6\/'><img width=\"2560\" height=\"1734\" src=\"https:\/\/www.f-d-d.eu\/wp-content\/uploads\/2021\/07\/FDD-Rennes-jour-2-6-scaled.jpeg\" class=\"attachment-full size-full\" alt=\"\" decoding=\"async\" aria-describedby=\"gallery-2-1994\" loading=\"lazy\" srcset=\"https:\/\/www.f-d-d.eu\/wp-content\/uploads\/2021\/07\/FDD-Rennes-jour-2-6-scaled.jpeg 2560w, https:\/\/www.f-d-d.eu\/wp-content\/uploads\/2021\/07\/FDD-Rennes-jour-2-6-300x203.jpeg 300w, https:\/\/www.f-d-d.eu\/wp-content\/uploads\/2021\/07\/FDD-Rennes-jour-2-6-1024x694.jpeg 1024w, https:\/\/www.f-d-d.eu\/wp-content\/uploads\/2021\/07\/FDD-Rennes-jour-2-6-768x520.jpeg 768w, https:\/\/www.f-d-d.eu\/wp-content\/uploads\/2021\/07\/FDD-Rennes-jour-2-6-1536x1041.jpeg 1536w, https:\/\/www.f-d-d.eu\/wp-content\/uploads\/2021\/07\/FDD-Rennes-jour-2-6-2048x1388.jpeg 2048w\" sizes=\"(max-width: 2560px) 100vw, 2560px\" \/><\/a>\n\t\t\t<\/dt>\n\t\t\t\t<dd class='wp-caption-text gallery-caption' id='gallery-2-1994'>\n\t\t\t\t\u00a9 Nani Blasco Moya\n\t\t\t\t<\/dd><\/dl><br style=\"clear: both\" \/><dl class='gallery-item'>\n\t\t\t<dt class='gallery-icon landscape'>\n\t\t\t\t<a href='https:\/\/www.f-d-d.eu\/pt\/fusee-de-detresse-7-retour-sur-la-semaine-de-residence\/fdd-rennes-jour-2-21\/'><img width=\"2560\" height=\"1707\" src=\"https:\/\/www.f-d-d.eu\/wp-content\/uploads\/2021\/07\/FDD-Rennes-jour-2-21-scaled.jpeg\" class=\"attachment-full size-full\" alt=\"\" decoding=\"async\" aria-describedby=\"gallery-2-2007\" loading=\"lazy\" srcset=\"https:\/\/www.f-d-d.eu\/wp-content\/uploads\/2021\/07\/FDD-Rennes-jour-2-21-scaled.jpeg 2560w, https:\/\/www.f-d-d.eu\/wp-content\/uploads\/2021\/07\/FDD-Rennes-jour-2-21-300x200.jpeg 300w, https:\/\/www.f-d-d.eu\/wp-content\/uploads\/2021\/07\/FDD-Rennes-jour-2-21-1024x683.jpeg 1024w, https:\/\/www.f-d-d.eu\/wp-content\/uploads\/2021\/07\/FDD-Rennes-jour-2-21-768x512.jpeg 768w, https:\/\/www.f-d-d.eu\/wp-content\/uploads\/2021\/07\/FDD-Rennes-jour-2-21-1536x1024.jpeg 1536w, https:\/\/www.f-d-d.eu\/wp-content\/uploads\/2021\/07\/FDD-Rennes-jour-2-21-2048x1365.jpeg 2048w\" sizes=\"(max-width: 2560px) 100vw, 2560px\" \/><\/a>\n\t\t\t<\/dt>\n\t\t\t\t<dd class='wp-caption-text gallery-caption' id='gallery-2-2007'>\n\t\t\t\t\u00a9 Nani Blasco Moya\n\t\t\t\t<\/dd><\/dl><dl class='gallery-item'>\n\t\t\t<dt class='gallery-icon landscape'>\n\t\t\t\t<a href='https:\/\/www.f-d-d.eu\/pt\/fusee-de-detresse-7-retour-sur-la-semaine-de-residence\/img_5137\/'><img width=\"2560\" height=\"1707\" src=\"https:\/\/www.f-d-d.eu\/wp-content\/uploads\/2021\/07\/IMG_5137-scaled.jpg\" class=\"attachment-full size-full\" alt=\"\" decoding=\"async\" aria-describedby=\"gallery-2-2009\" loading=\"lazy\" srcset=\"https:\/\/www.f-d-d.eu\/wp-content\/uploads\/2021\/07\/IMG_5137-scaled.jpg 2560w, https:\/\/www.f-d-d.eu\/wp-content\/uploads\/2021\/07\/IMG_5137-300x200.jpg 300w, https:\/\/www.f-d-d.eu\/wp-content\/uploads\/2021\/07\/IMG_5137-1024x683.jpg 1024w, https:\/\/www.f-d-d.eu\/wp-content\/uploads\/2021\/07\/IMG_5137-768x512.jpg 768w, https:\/\/www.f-d-d.eu\/wp-content\/uploads\/2021\/07\/IMG_5137-1536x1024.jpg 1536w, https:\/\/www.f-d-d.eu\/wp-content\/uploads\/2021\/07\/IMG_5137-2048x1365.jpg 2048w\" sizes=\"(max-width: 2560px) 100vw, 2560px\" \/><\/a>\n\t\t\t<\/dt>\n\t\t\t\t<dd class='wp-caption-text gallery-caption' id='gallery-2-2009'>\n\t\t\t\t\u00a9 L\u00e9a Gosselin\n\t\t\t\t<\/dd><\/dl><br style=\"clear: both\" \/><dl class='gallery-item'>\n\t\t\t<dt class='gallery-icon landscape'>\n\t\t\t\t<a href='https:\/\/www.f-d-d.eu\/pt\/fusee-de-detresse-7-retour-sur-la-semaine-de-residence\/img_5138\/'><img width=\"2560\" height=\"1707\" src=\"https:\/\/www.f-d-d.eu\/wp-content\/uploads\/2021\/07\/IMG_5138-scaled.jpg\" class=\"attachment-full size-full\" alt=\"\" decoding=\"async\" aria-describedby=\"gallery-2-2010\" loading=\"lazy\" srcset=\"https:\/\/www.f-d-d.eu\/wp-content\/uploads\/2021\/07\/IMG_5138-scaled.jpg 2560w, https:\/\/www.f-d-d.eu\/wp-content\/uploads\/2021\/07\/IMG_5138-300x200.jpg 300w, https:\/\/www.f-d-d.eu\/wp-content\/uploads\/2021\/07\/IMG_5138-1024x683.jpg 1024w, https:\/\/www.f-d-d.eu\/wp-content\/uploads\/2021\/07\/IMG_5138-768x512.jpg 768w, https:\/\/www.f-d-d.eu\/wp-content\/uploads\/2021\/07\/IMG_5138-1536x1024.jpg 1536w, https:\/\/www.f-d-d.eu\/wp-content\/uploads\/2021\/07\/IMG_5138-2048x1365.jpg 2048w\" sizes=\"(max-width: 2560px) 100vw, 2560px\" \/><\/a>\n\t\t\t<\/dt>\n\t\t\t\t<dd class='wp-caption-text gallery-caption' id='gallery-2-2010'>\n\t\t\t\t\u00a9 L\u00e9a Gosselin\n\t\t\t\t<\/dd><\/dl><dl class='gallery-item'>\n\t\t\t<dt class='gallery-icon landscape'>\n\t\t\t\t<a href='https:\/\/www.f-d-d.eu\/pt\/fusee-de-detresse-7-retour-sur-la-semaine-de-residence\/img_5318\/'><img width=\"2560\" height=\"1707\" src=\"https:\/\/www.f-d-d.eu\/wp-content\/uploads\/2021\/07\/IMG_5318-scaled.jpg\" class=\"attachment-full size-full\" alt=\"\" decoding=\"async\" aria-describedby=\"gallery-2-2013\" loading=\"lazy\" srcset=\"https:\/\/www.f-d-d.eu\/wp-content\/uploads\/2021\/07\/IMG_5318-scaled.jpg 2560w, https:\/\/www.f-d-d.eu\/wp-content\/uploads\/2021\/07\/IMG_5318-300x200.jpg 300w, https:\/\/www.f-d-d.eu\/wp-content\/uploads\/2021\/07\/IMG_5318-1024x683.jpg 1024w, https:\/\/www.f-d-d.eu\/wp-content\/uploads\/2021\/07\/IMG_5318-768x512.jpg 768w, https:\/\/www.f-d-d.eu\/wp-content\/uploads\/2021\/07\/IMG_5318-1536x1024.jpg 1536w, https:\/\/www.f-d-d.eu\/wp-content\/uploads\/2021\/07\/IMG_5318-2048x1365.jpg 2048w\" sizes=\"(max-width: 2560px) 100vw, 2560px\" \/><\/a>\n\t\t\t<\/dt>\n\t\t\t\t<dd class='wp-caption-text gallery-caption' id='gallery-2-2013'>\n\t\t\t\t\u00a9 L\u00e9a Gosselin\n\t\t\t\t<\/dd><\/dl><br style=\"clear: both\" \/>\n\t\t<\/div>\n\n<p>\u2192 JOUR 3 : mercredi 30 juin 2021<\/p>\n\n\t\t<style type=\"text\/css\">\n\t\t\t#gallery-3 {\n\t\t\t\tmargin: auto;\n\t\t\t}\n\t\t\t#gallery-3 .gallery-item {\n\t\t\t\tfloat: left;\n\t\t\t\tmargin-top: 10px;\n\t\t\t\ttext-align: center;\n\t\t\t\twidth: 50%;\n\t\t\t}\n\t\t\t#gallery-3 img {\n\t\t\t\tborder: 2px solid #cfcfcf;\n\t\t\t}\n\t\t\t#gallery-3 .gallery-caption {\n\t\t\t\tmargin-left: 0;\n\t\t\t}\n\t\t\t\/* see gallery_shortcode() in wp-includes\/media.php *\/\n\t\t<\/style>\n\t\t<div id='gallery-3' class='gallery galleryid-1975 gallery-columns-2 gallery-size-full'><dl class='gallery-item'>\n\t\t\t<dt class='gallery-icon landscape'>\n\t\t\t\t<a href='https:\/\/www.f-d-d.eu\/pt\/fusee-de-detresse-7-retour-sur-la-semaine-de-residence\/fdd-rennes-jour-3-12\/'><img width=\"2560\" height=\"2075\" src=\"https:\/\/www.f-d-d.eu\/wp-content\/uploads\/2021\/07\/FDD-Rennes-jour-3-12-scaled.jpeg\" class=\"attachment-full size-full\" alt=\"\" decoding=\"async\" aria-describedby=\"gallery-3-2026\" loading=\"lazy\" srcset=\"https:\/\/www.f-d-d.eu\/wp-content\/uploads\/2021\/07\/FDD-Rennes-jour-3-12-scaled.jpeg 2560w, https:\/\/www.f-d-d.eu\/wp-content\/uploads\/2021\/07\/FDD-Rennes-jour-3-12-300x243.jpeg 300w, https:\/\/www.f-d-d.eu\/wp-content\/uploads\/2021\/07\/FDD-Rennes-jour-3-12-1024x830.jpeg 1024w, https:\/\/www.f-d-d.eu\/wp-content\/uploads\/2021\/07\/FDD-Rennes-jour-3-12-768x622.jpeg 768w, https:\/\/www.f-d-d.eu\/wp-content\/uploads\/2021\/07\/FDD-Rennes-jour-3-12-1536x1245.jpeg 1536w, https:\/\/www.f-d-d.eu\/wp-content\/uploads\/2021\/07\/FDD-Rennes-jour-3-12-2048x1660.jpeg 2048w\" sizes=\"(max-width: 2560px) 100vw, 2560px\" \/><\/a>\n\t\t\t<\/dt>\n\t\t\t\t<dd class='wp-caption-text gallery-caption' id='gallery-3-2026'>\n\t\t\t\t\u00a9 Nani Blasco Moya\n\t\t\t\t<\/dd><\/dl><dl class='gallery-item'>\n\t\t\t<dt class='gallery-icon landscape'>\n\t\t\t\t<a href='https:\/\/www.f-d-d.eu\/pt\/fusee-de-detresse-7-retour-sur-la-semaine-de-residence\/fdd-rennes-jour-3-10\/'><img width=\"2560\" height=\"2221\" src=\"https:\/\/www.f-d-d.eu\/wp-content\/uploads\/2021\/07\/FDD-Rennes-jour-3-10-scaled.jpeg\" class=\"attachment-full size-full\" alt=\"\" decoding=\"async\" aria-describedby=\"gallery-3-2024\" loading=\"lazy\" srcset=\"https:\/\/www.f-d-d.eu\/wp-content\/uploads\/2021\/07\/FDD-Rennes-jour-3-10-scaled.jpeg 2560w, https:\/\/www.f-d-d.eu\/wp-content\/uploads\/2021\/07\/FDD-Rennes-jour-3-10-300x260.jpeg 300w, https:\/\/www.f-d-d.eu\/wp-content\/uploads\/2021\/07\/FDD-Rennes-jour-3-10-1024x888.jpeg 1024w, https:\/\/www.f-d-d.eu\/wp-content\/uploads\/2021\/07\/FDD-Rennes-jour-3-10-768x666.jpeg 768w, https:\/\/www.f-d-d.eu\/wp-content\/uploads\/2021\/07\/FDD-Rennes-jour-3-10-1536x1333.jpeg 1536w, https:\/\/www.f-d-d.eu\/wp-content\/uploads\/2021\/07\/FDD-Rennes-jour-3-10-2048x1777.jpeg 2048w\" sizes=\"(max-width: 2560px) 100vw, 2560px\" \/><\/a>\n\t\t\t<\/dt>\n\t\t\t\t<dd class='wp-caption-text gallery-caption' id='gallery-3-2024'>\n\t\t\t\t\u00a9 Nani Blasco Moya\n\t\t\t\t<\/dd><\/dl><br style=\"clear: both\" \/><dl class='gallery-item'>\n\t\t\t<dt class='gallery-icon landscape'>\n\t\t\t\t<a href='https:\/\/www.f-d-d.eu\/pt\/fusee-de-detresse-7-retour-sur-la-semaine-de-residence\/fdd-rennes-jour-3-9\/'><img width=\"2560\" height=\"1707\" src=\"https:\/\/www.f-d-d.eu\/wp-content\/uploads\/2021\/07\/FDD-Rennes-jour-3-9-scaled.jpeg\" class=\"attachment-full size-full\" alt=\"\" decoding=\"async\" aria-describedby=\"gallery-3-2023\" loading=\"lazy\" srcset=\"https:\/\/www.f-d-d.eu\/wp-content\/uploads\/2021\/07\/FDD-Rennes-jour-3-9-scaled.jpeg 2560w, https:\/\/www.f-d-d.eu\/wp-content\/uploads\/2021\/07\/FDD-Rennes-jour-3-9-300x200.jpeg 300w, https:\/\/www.f-d-d.eu\/wp-content\/uploads\/2021\/07\/FDD-Rennes-jour-3-9-1024x683.jpeg 1024w, https:\/\/www.f-d-d.eu\/wp-content\/uploads\/2021\/07\/FDD-Rennes-jour-3-9-768x512.jpeg 768w, https:\/\/www.f-d-d.eu\/wp-content\/uploads\/2021\/07\/FDD-Rennes-jour-3-9-1536x1024.jpeg 1536w, https:\/\/www.f-d-d.eu\/wp-content\/uploads\/2021\/07\/FDD-Rennes-jour-3-9-2048x1365.jpeg 2048w\" sizes=\"(max-width: 2560px) 100vw, 2560px\" \/><\/a>\n\t\t\t<\/dt>\n\t\t\t\t<dd class='wp-caption-text gallery-caption' id='gallery-3-2023'>\n\t\t\t\t\u00a9 Nani Blasco Moya\n\t\t\t\t<\/dd><\/dl><dl class='gallery-item'>\n\t\t\t<dt class='gallery-icon landscape'>\n\t\t\t\t<a href='https:\/\/www.f-d-d.eu\/pt\/fusee-de-detresse-7-retour-sur-la-semaine-de-residence\/fdd-rennes-jour-3-7\/'><img width=\"2560\" height=\"1707\" src=\"https:\/\/www.f-d-d.eu\/wp-content\/uploads\/2021\/07\/FDD-Rennes-jour-3-7-scaled.jpeg\" class=\"attachment-full size-full\" alt=\"\" decoding=\"async\" aria-describedby=\"gallery-3-2022\" loading=\"lazy\" srcset=\"https:\/\/www.f-d-d.eu\/wp-content\/uploads\/2021\/07\/FDD-Rennes-jour-3-7-scaled.jpeg 2560w, https:\/\/www.f-d-d.eu\/wp-content\/uploads\/2021\/07\/FDD-Rennes-jour-3-7-300x200.jpeg 300w, https:\/\/www.f-d-d.eu\/wp-content\/uploads\/2021\/07\/FDD-Rennes-jour-3-7-1024x683.jpeg 1024w, https:\/\/www.f-d-d.eu\/wp-content\/uploads\/2021\/07\/FDD-Rennes-jour-3-7-768x512.jpeg 768w, https:\/\/www.f-d-d.eu\/wp-content\/uploads\/2021\/07\/FDD-Rennes-jour-3-7-1536x1024.jpeg 1536w, https:\/\/www.f-d-d.eu\/wp-content\/uploads\/2021\/07\/FDD-Rennes-jour-3-7-2048x1365.jpeg 2048w\" sizes=\"(max-width: 2560px) 100vw, 2560px\" \/><\/a>\n\t\t\t<\/dt>\n\t\t\t\t<dd class='wp-caption-text gallery-caption' id='gallery-3-2022'>\n\t\t\t\t\u00a9 Nani Blasco Moya\n\t\t\t\t<\/dd><\/dl><br style=\"clear: both\" \/><dl class='gallery-item'>\n\t\t\t<dt class='gallery-icon landscape'>\n\t\t\t\t<a href='https:\/\/www.f-d-d.eu\/pt\/fusee-de-detresse-7-retour-sur-la-semaine-de-residence\/fdd-rennes-jour-3-7-1\/'><img width=\"2560\" height=\"1707\" src=\"https:\/\/www.f-d-d.eu\/wp-content\/uploads\/2021\/07\/FDD-Rennes-jour-3-7-1-scaled.jpeg\" class=\"attachment-full size-full\" alt=\"\" decoding=\"async\" aria-describedby=\"gallery-3-2021\" loading=\"lazy\" srcset=\"https:\/\/www.f-d-d.eu\/wp-content\/uploads\/2021\/07\/FDD-Rennes-jour-3-7-1-scaled.jpeg 2560w, https:\/\/www.f-d-d.eu\/wp-content\/uploads\/2021\/07\/FDD-Rennes-jour-3-7-1-300x200.jpeg 300w, https:\/\/www.f-d-d.eu\/wp-content\/uploads\/2021\/07\/FDD-Rennes-jour-3-7-1-1024x683.jpeg 1024w, https:\/\/www.f-d-d.eu\/wp-content\/uploads\/2021\/07\/FDD-Rennes-jour-3-7-1-768x512.jpeg 768w, https:\/\/www.f-d-d.eu\/wp-content\/uploads\/2021\/07\/FDD-Rennes-jour-3-7-1-1536x1024.jpeg 1536w, https:\/\/www.f-d-d.eu\/wp-content\/uploads\/2021\/07\/FDD-Rennes-jour-3-7-1-2048x1365.jpeg 2048w\" sizes=\"(max-width: 2560px) 100vw, 2560px\" \/><\/a>\n\t\t\t<\/dt>\n\t\t\t\t<dd class='wp-caption-text gallery-caption' id='gallery-3-2021'>\n\t\t\t\t\u00a9 Nani Blasco Moya\n\t\t\t\t<\/dd><\/dl><dl class='gallery-item'>\n\t\t\t<dt class='gallery-icon landscape'>\n\t\t\t\t<a href='https:\/\/www.f-d-d.eu\/pt\/fusee-de-detresse-7-retour-sur-la-semaine-de-residence\/img_5394-2\/'><img width=\"2560\" height=\"1707\" src=\"https:\/\/www.f-d-d.eu\/wp-content\/uploads\/2021\/07\/IMG_5394-scaled.jpg\" class=\"attachment-full size-full\" alt=\"\" decoding=\"async\" aria-describedby=\"gallery-3-2031\" loading=\"lazy\" srcset=\"https:\/\/www.f-d-d.eu\/wp-content\/uploads\/2021\/07\/IMG_5394-scaled.jpg 2560w, https:\/\/www.f-d-d.eu\/wp-content\/uploads\/2021\/07\/IMG_5394-300x200.jpg 300w, https:\/\/www.f-d-d.eu\/wp-content\/uploads\/2021\/07\/IMG_5394-1024x683.jpg 1024w, https:\/\/www.f-d-d.eu\/wp-content\/uploads\/2021\/07\/IMG_5394-768x512.jpg 768w, https:\/\/www.f-d-d.eu\/wp-content\/uploads\/2021\/07\/IMG_5394-1536x1024.jpg 1536w, https:\/\/www.f-d-d.eu\/wp-content\/uploads\/2021\/07\/IMG_5394-2048x1365.jpg 2048w\" sizes=\"(max-width: 2560px) 100vw, 2560px\" \/><\/a>\n\t\t\t<\/dt>\n\t\t\t\t<dd class='wp-caption-text gallery-caption' id='gallery-3-2031'>\n\t\t\t\t\u00a9 L\u00e9a Gosselin\n\t\t\t\t<\/dd><\/dl><br style=\"clear: both\" \/><dl class='gallery-item'>\n\t\t\t<dt class='gallery-icon landscape'>\n\t\t\t\t<a href='https:\/\/www.f-d-d.eu\/pt\/fusee-de-detresse-7-retour-sur-la-semaine-de-residence\/img_5368\/'><img width=\"2560\" height=\"1707\" src=\"https:\/\/www.f-d-d.eu\/wp-content\/uploads\/2021\/07\/IMG_5368-scaled.jpg\" class=\"attachment-full size-full\" alt=\"\" decoding=\"async\" aria-describedby=\"gallery-3-2028\" loading=\"lazy\" srcset=\"https:\/\/www.f-d-d.eu\/wp-content\/uploads\/2021\/07\/IMG_5368-scaled.jpg 2560w, https:\/\/www.f-d-d.eu\/wp-content\/uploads\/2021\/07\/IMG_5368-300x200.jpg 300w, https:\/\/www.f-d-d.eu\/wp-content\/uploads\/2021\/07\/IMG_5368-1024x683.jpg 1024w, https:\/\/www.f-d-d.eu\/wp-content\/uploads\/2021\/07\/IMG_5368-768x512.jpg 768w, https:\/\/www.f-d-d.eu\/wp-content\/uploads\/2021\/07\/IMG_5368-1536x1024.jpg 1536w, https:\/\/www.f-d-d.eu\/wp-content\/uploads\/2021\/07\/IMG_5368-2048x1365.jpg 2048w\" sizes=\"(max-width: 2560px) 100vw, 2560px\" \/><\/a>\n\t\t\t<\/dt>\n\t\t\t\t<dd class='wp-caption-text gallery-caption' id='gallery-3-2028'>\n\t\t\t\t\u00a9 L\u00e9a Gosselin\n\t\t\t\t<\/dd><\/dl><dl class='gallery-item'>\n\t\t\t<dt class='gallery-icon landscape'>\n\t\t\t\t<a href='https:\/\/www.f-d-d.eu\/pt\/fusee-de-detresse-7-retour-sur-la-semaine-de-residence\/img_5341\/'><img width=\"2560\" height=\"1707\" src=\"https:\/\/www.f-d-d.eu\/wp-content\/uploads\/2021\/07\/IMG_5341-scaled.jpg\" class=\"attachment-full size-full\" alt=\"\" decoding=\"async\" aria-describedby=\"gallery-3-2027\" loading=\"lazy\" srcset=\"https:\/\/www.f-d-d.eu\/wp-content\/uploads\/2021\/07\/IMG_5341-scaled.jpg 2560w, https:\/\/www.f-d-d.eu\/wp-content\/uploads\/2021\/07\/IMG_5341-300x200.jpg 300w, https:\/\/www.f-d-d.eu\/wp-content\/uploads\/2021\/07\/IMG_5341-1024x683.jpg 1024w, https:\/\/www.f-d-d.eu\/wp-content\/uploads\/2021\/07\/IMG_5341-768x512.jpg 768w, https:\/\/www.f-d-d.eu\/wp-content\/uploads\/2021\/07\/IMG_5341-1536x1024.jpg 1536w, https:\/\/www.f-d-d.eu\/wp-content\/uploads\/2021\/07\/IMG_5341-2048x1365.jpg 2048w\" sizes=\"(max-width: 2560px) 100vw, 2560px\" \/><\/a>\n\t\t\t<\/dt>\n\t\t\t\t<dd class='wp-caption-text gallery-caption' id='gallery-3-2027'>\n\t\t\t\t\u00a9 L\u00e9a Gosselin\n\t\t\t\t<\/dd><\/dl><br style=\"clear: both\" \/><dl class='gallery-item'>\n\t\t\t<dt class='gallery-icon landscape'>\n\t\t\t\t<a href='https:\/\/www.f-d-d.eu\/pt\/fusee-de-detresse-7-retour-sur-la-semaine-de-residence\/fdd-rennes-jour-3-4\/'><img width=\"2560\" height=\"1707\" src=\"https:\/\/www.f-d-d.eu\/wp-content\/uploads\/2021\/07\/FDD-Rennes-jour-3-4-scaled.jpeg\" class=\"attachment-full size-full\" alt=\"\" decoding=\"async\" aria-describedby=\"gallery-3-2018\" loading=\"lazy\" srcset=\"https:\/\/www.f-d-d.eu\/wp-content\/uploads\/2021\/07\/FDD-Rennes-jour-3-4-scaled.jpeg 2560w, https:\/\/www.f-d-d.eu\/wp-content\/uploads\/2021\/07\/FDD-Rennes-jour-3-4-300x200.jpeg 300w, https:\/\/www.f-d-d.eu\/wp-content\/uploads\/2021\/07\/FDD-Rennes-jour-3-4-1024x683.jpeg 1024w, https:\/\/www.f-d-d.eu\/wp-content\/uploads\/2021\/07\/FDD-Rennes-jour-3-4-768x512.jpeg 768w, https:\/\/www.f-d-d.eu\/wp-content\/uploads\/2021\/07\/FDD-Rennes-jour-3-4-1536x1024.jpeg 1536w, https:\/\/www.f-d-d.eu\/wp-content\/uploads\/2021\/07\/FDD-Rennes-jour-3-4-2048x1365.jpeg 2048w\" sizes=\"(max-width: 2560px) 100vw, 2560px\" \/><\/a>\n\t\t\t<\/dt>\n\t\t\t\t<dd class='wp-caption-text gallery-caption' id='gallery-3-2018'>\n\t\t\t\t\u00a9 Nani Blasco Moya\n\t\t\t\t<\/dd><\/dl><dl class='gallery-item'>\n\t\t\t<dt class='gallery-icon landscape'>\n\t\t\t\t<a href='https:\/\/www.f-d-d.eu\/pt\/fusee-de-detresse-7-retour-sur-la-semaine-de-residence\/fdd-rennes-jour-3-3\/'><img width=\"2560\" height=\"1707\" src=\"https:\/\/www.f-d-d.eu\/wp-content\/uploads\/2021\/07\/FDD-Rennes-jour-3-3-scaled.jpeg\" class=\"attachment-full size-full\" alt=\"\" decoding=\"async\" aria-describedby=\"gallery-3-2016\" loading=\"lazy\" srcset=\"https:\/\/www.f-d-d.eu\/wp-content\/uploads\/2021\/07\/FDD-Rennes-jour-3-3-scaled.jpeg 2560w, https:\/\/www.f-d-d.eu\/wp-content\/uploads\/2021\/07\/FDD-Rennes-jour-3-3-300x200.jpeg 300w, https:\/\/www.f-d-d.eu\/wp-content\/uploads\/2021\/07\/FDD-Rennes-jour-3-3-1024x683.jpeg 1024w, https:\/\/www.f-d-d.eu\/wp-content\/uploads\/2021\/07\/FDD-Rennes-jour-3-3-768x512.jpeg 768w, https:\/\/www.f-d-d.eu\/wp-content\/uploads\/2021\/07\/FDD-Rennes-jour-3-3-1536x1024.jpeg 1536w, https:\/\/www.f-d-d.eu\/wp-content\/uploads\/2021\/07\/FDD-Rennes-jour-3-3-2048x1365.jpeg 2048w\" sizes=\"(max-width: 2560px) 100vw, 2560px\" \/><\/a>\n\t\t\t<\/dt>\n\t\t\t\t<dd class='wp-caption-text gallery-caption' id='gallery-3-2016'>\n\t\t\t\t\u00a9 Nani Blasco Moya\n\t\t\t\t<\/dd><\/dl><br style=\"clear: both\" \/><dl class='gallery-item'>\n\t\t\t<dt class='gallery-icon landscape'>\n\t\t\t\t<a href='https:\/\/www.f-d-d.eu\/pt\/fusee-de-detresse-7-retour-sur-la-semaine-de-residence\/fdd-rennes-jour-3-2\/'><img width=\"2560\" height=\"1707\" src=\"https:\/\/www.f-d-d.eu\/wp-content\/uploads\/2021\/07\/FDD-Rennes-jour-3-2-scaled.jpeg\" class=\"attachment-full size-full\" alt=\"\" decoding=\"async\" aria-describedby=\"gallery-3-2015\" loading=\"lazy\" srcset=\"https:\/\/www.f-d-d.eu\/wp-content\/uploads\/2021\/07\/FDD-Rennes-jour-3-2-scaled.jpeg 2560w, https:\/\/www.f-d-d.eu\/wp-content\/uploads\/2021\/07\/FDD-Rennes-jour-3-2-300x200.jpeg 300w, https:\/\/www.f-d-d.eu\/wp-content\/uploads\/2021\/07\/FDD-Rennes-jour-3-2-1024x683.jpeg 1024w, https:\/\/www.f-d-d.eu\/wp-content\/uploads\/2021\/07\/FDD-Rennes-jour-3-2-768x512.jpeg 768w, https:\/\/www.f-d-d.eu\/wp-content\/uploads\/2021\/07\/FDD-Rennes-jour-3-2-1536x1024.jpeg 1536w, https:\/\/www.f-d-d.eu\/wp-content\/uploads\/2021\/07\/FDD-Rennes-jour-3-2-2048x1365.jpeg 2048w\" sizes=\"(max-width: 2560px) 100vw, 2560px\" \/><\/a>\n\t\t\t<\/dt>\n\t\t\t\t<dd class='wp-caption-text gallery-caption' id='gallery-3-2015'>\n\t\t\t\t\u00a9 Nani Blasco Moya\n\t\t\t\t<\/dd><\/dl><dl class='gallery-item'>\n\t\t\t<dt class='gallery-icon landscape'>\n\t\t\t\t<a href='https:\/\/www.f-d-d.eu\/pt\/fusee-de-detresse-7-retour-sur-la-semaine-de-residence\/fdd-rennes-jour-3-1\/'><img width=\"2560\" height=\"1707\" src=\"https:\/\/www.f-d-d.eu\/wp-content\/uploads\/2021\/07\/FDD-Rennes-jour-3-1-scaled.jpeg\" class=\"attachment-full size-full\" alt=\"\" decoding=\"async\" aria-describedby=\"gallery-3-2014\" loading=\"lazy\" srcset=\"https:\/\/www.f-d-d.eu\/wp-content\/uploads\/2021\/07\/FDD-Rennes-jour-3-1-scaled.jpeg 2560w, https:\/\/www.f-d-d.eu\/wp-content\/uploads\/2021\/07\/FDD-Rennes-jour-3-1-300x200.jpeg 300w, https:\/\/www.f-d-d.eu\/wp-content\/uploads\/2021\/07\/FDD-Rennes-jour-3-1-1024x683.jpeg 1024w, https:\/\/www.f-d-d.eu\/wp-content\/uploads\/2021\/07\/FDD-Rennes-jour-3-1-768x512.jpeg 768w, https:\/\/www.f-d-d.eu\/wp-content\/uploads\/2021\/07\/FDD-Rennes-jour-3-1-1536x1024.jpeg 1536w, https:\/\/www.f-d-d.eu\/wp-content\/uploads\/2021\/07\/FDD-Rennes-jour-3-1-2048x1365.jpeg 2048w\" sizes=\"(max-width: 2560px) 100vw, 2560px\" \/><\/a>\n\t\t\t<\/dt>\n\t\t\t\t<dd class='wp-caption-text gallery-caption' id='gallery-3-2014'>\n\t\t\t\t\u00a9 Nani Blasco Moya\n\t\t\t\t<\/dd><\/dl><br style=\"clear: both\" \/>\n\t\t<\/div>\n\n<p>\u2192 JOUR 4 : jeudi 1er juillet 2021<\/p>\n\n\t\t<style type=\"text\/css\">\n\t\t\t#gallery-4 {\n\t\t\t\tmargin: auto;\n\t\t\t}\n\t\t\t#gallery-4 .gallery-item {\n\t\t\t\tfloat: left;\n\t\t\t\tmargin-top: 10px;\n\t\t\t\ttext-align: center;\n\t\t\t\twidth: 50%;\n\t\t\t}\n\t\t\t#gallery-4 img {\n\t\t\t\tborder: 2px solid #cfcfcf;\n\t\t\t}\n\t\t\t#gallery-4 .gallery-caption {\n\t\t\t\tmargin-left: 0;\n\t\t\t}\n\t\t\t\/* see gallery_shortcode() in wp-includes\/media.php *\/\n\t\t<\/style>\n\t\t<div id='gallery-4' class='gallery galleryid-1975 gallery-columns-2 gallery-size-full'><dl class='gallery-item'>\n\t\t\t<dt class='gallery-icon landscape'>\n\t\t\t\t<a href='https:\/\/www.f-d-d.eu\/pt\/fusee-de-detresse-7-retour-sur-la-semaine-de-residence\/fdd-rennes-jour-4-1\/'><img width=\"2560\" height=\"1742\" src=\"https:\/\/www.f-d-d.eu\/wp-content\/uploads\/2021\/07\/FDD-Rennes-jour-4-1-scaled.jpeg\" class=\"attachment-full size-full\" alt=\"\" decoding=\"async\" aria-describedby=\"gallery-4-2034\" loading=\"lazy\" srcset=\"https:\/\/www.f-d-d.eu\/wp-content\/uploads\/2021\/07\/FDD-Rennes-jour-4-1-scaled.jpeg 2560w, https:\/\/www.f-d-d.eu\/wp-content\/uploads\/2021\/07\/FDD-Rennes-jour-4-1-300x204.jpeg 300w, https:\/\/www.f-d-d.eu\/wp-content\/uploads\/2021\/07\/FDD-Rennes-jour-4-1-1024x697.jpeg 1024w, https:\/\/www.f-d-d.eu\/wp-content\/uploads\/2021\/07\/FDD-Rennes-jour-4-1-768x522.jpeg 768w, https:\/\/www.f-d-d.eu\/wp-content\/uploads\/2021\/07\/FDD-Rennes-jour-4-1-1536x1045.jpeg 1536w, https:\/\/www.f-d-d.eu\/wp-content\/uploads\/2021\/07\/FDD-Rennes-jour-4-1-2048x1393.jpeg 2048w\" sizes=\"(max-width: 2560px) 100vw, 2560px\" \/><\/a>\n\t\t\t<\/dt>\n\t\t\t\t<dd class='wp-caption-text gallery-caption' id='gallery-4-2034'>\n\t\t\t\t\u00a9 Nani Blasco Moya\n\t\t\t\t<\/dd><\/dl><dl class='gallery-item'>\n\t\t\t<dt class='gallery-icon landscape'>\n\t\t\t\t<a href='https:\/\/www.f-d-d.eu\/pt\/fusee-de-detresse-7-retour-sur-la-semaine-de-residence\/fdd-rennes-jour-4-3\/'><img width=\"2560\" height=\"1707\" src=\"https:\/\/www.f-d-d.eu\/wp-content\/uploads\/2021\/07\/FDD-Rennes-jour-4-3-scaled.jpeg\" class=\"attachment-full size-full\" alt=\"\" decoding=\"async\" aria-describedby=\"gallery-4-2036\" loading=\"lazy\" srcset=\"https:\/\/www.f-d-d.eu\/wp-content\/uploads\/2021\/07\/FDD-Rennes-jour-4-3-scaled.jpeg 2560w, https:\/\/www.f-d-d.eu\/wp-content\/uploads\/2021\/07\/FDD-Rennes-jour-4-3-300x200.jpeg 300w, https:\/\/www.f-d-d.eu\/wp-content\/uploads\/2021\/07\/FDD-Rennes-jour-4-3-1024x683.jpeg 1024w, https:\/\/www.f-d-d.eu\/wp-content\/uploads\/2021\/07\/FDD-Rennes-jour-4-3-768x512.jpeg 768w, https:\/\/www.f-d-d.eu\/wp-content\/uploads\/2021\/07\/FDD-Rennes-jour-4-3-1536x1024.jpeg 1536w, https:\/\/www.f-d-d.eu\/wp-content\/uploads\/2021\/07\/FDD-Rennes-jour-4-3-2048x1365.jpeg 2048w\" sizes=\"(max-width: 2560px) 100vw, 2560px\" \/><\/a>\n\t\t\t<\/dt>\n\t\t\t\t<dd class='wp-caption-text gallery-caption' id='gallery-4-2036'>\n\t\t\t\t\u00a9 Nani Blasco Moya\n\t\t\t\t<\/dd><\/dl><br style=\"clear: both\" \/><dl class='gallery-item'>\n\t\t\t<dt class='gallery-icon landscape'>\n\t\t\t\t<a href='https:\/\/www.f-d-d.eu\/pt\/fusee-de-detresse-7-retour-sur-la-semaine-de-residence\/fdd-rennes-jour-4-6\/'><img width=\"2560\" height=\"1707\" src=\"https:\/\/www.f-d-d.eu\/wp-content\/uploads\/2021\/07\/FDD-Rennes-jour-4-6-scaled.jpeg\" class=\"attachment-full size-full\" alt=\"\" decoding=\"async\" aria-describedby=\"gallery-4-2039\" loading=\"lazy\" srcset=\"https:\/\/www.f-d-d.eu\/wp-content\/uploads\/2021\/07\/FDD-Rennes-jour-4-6-scaled.jpeg 2560w, https:\/\/www.f-d-d.eu\/wp-content\/uploads\/2021\/07\/FDD-Rennes-jour-4-6-300x200.jpeg 300w, https:\/\/www.f-d-d.eu\/wp-content\/uploads\/2021\/07\/FDD-Rennes-jour-4-6-1024x683.jpeg 1024w, https:\/\/www.f-d-d.eu\/wp-content\/uploads\/2021\/07\/FDD-Rennes-jour-4-6-768x512.jpeg 768w, https:\/\/www.f-d-d.eu\/wp-content\/uploads\/2021\/07\/FDD-Rennes-jour-4-6-1536x1024.jpeg 1536w, https:\/\/www.f-d-d.eu\/wp-content\/uploads\/2021\/07\/FDD-Rennes-jour-4-6-2048x1365.jpeg 2048w\" sizes=\"(max-width: 2560px) 100vw, 2560px\" \/><\/a>\n\t\t\t<\/dt>\n\t\t\t\t<dd class='wp-caption-text gallery-caption' id='gallery-4-2039'>\n\t\t\t\t\u00a9 Nani Blasco Moya\n\t\t\t\t<\/dd><\/dl><dl class='gallery-item'>\n\t\t\t<dt class='gallery-icon landscape'>\n\t\t\t\t<a href='https:\/\/www.f-d-d.eu\/pt\/fusee-de-detresse-7-retour-sur-la-semaine-de-residence\/img_5505\/'><img width=\"2560\" height=\"1707\" src=\"https:\/\/www.f-d-d.eu\/wp-content\/uploads\/2021\/07\/IMG_5505-scaled.jpg\" class=\"attachment-full size-full\" alt=\"\" decoding=\"async\" aria-describedby=\"gallery-4-2048\" loading=\"lazy\" srcset=\"https:\/\/www.f-d-d.eu\/wp-content\/uploads\/2021\/07\/IMG_5505-scaled.jpg 2560w, https:\/\/www.f-d-d.eu\/wp-content\/uploads\/2021\/07\/IMG_5505-300x200.jpg 300w, https:\/\/www.f-d-d.eu\/wp-content\/uploads\/2021\/07\/IMG_5505-1024x683.jpg 1024w, https:\/\/www.f-d-d.eu\/wp-content\/uploads\/2021\/07\/IMG_5505-768x512.jpg 768w, https:\/\/www.f-d-d.eu\/wp-content\/uploads\/2021\/07\/IMG_5505-1536x1024.jpg 1536w, https:\/\/www.f-d-d.eu\/wp-content\/uploads\/2021\/07\/IMG_5505-2048x1365.jpg 2048w\" sizes=\"(max-width: 2560px) 100vw, 2560px\" \/><\/a>\n\t\t\t<\/dt>\n\t\t\t\t<dd class='wp-caption-text gallery-caption' id='gallery-4-2048'>\n\t\t\t\t\u00a9 L\u00e9a Gosselin\n\t\t\t\t<\/dd><\/dl><br style=\"clear: both\" \/><dl class='gallery-item'>\n\t\t\t<dt class='gallery-icon landscape'>\n\t\t\t\t<a href='https:\/\/www.f-d-d.eu\/pt\/fusee-de-detresse-7-retour-sur-la-semaine-de-residence\/fdd-rennes-jour-4-8\/'><img width=\"2560\" height=\"1590\" src=\"https:\/\/www.f-d-d.eu\/wp-content\/uploads\/2021\/07\/FDD-Rennes-jour-4-8-scaled.jpeg\" class=\"attachment-full size-full\" alt=\"\" decoding=\"async\" aria-describedby=\"gallery-4-2041\" loading=\"lazy\" srcset=\"https:\/\/www.f-d-d.eu\/wp-content\/uploads\/2021\/07\/FDD-Rennes-jour-4-8-scaled.jpeg 2560w, https:\/\/www.f-d-d.eu\/wp-content\/uploads\/2021\/07\/FDD-Rennes-jour-4-8-300x186.jpeg 300w, https:\/\/www.f-d-d.eu\/wp-content\/uploads\/2021\/07\/FDD-Rennes-jour-4-8-1024x636.jpeg 1024w, https:\/\/www.f-d-d.eu\/wp-content\/uploads\/2021\/07\/FDD-Rennes-jour-4-8-768x477.jpeg 768w, https:\/\/www.f-d-d.eu\/wp-content\/uploads\/2021\/07\/FDD-Rennes-jour-4-8-1536x954.jpeg 1536w, https:\/\/www.f-d-d.eu\/wp-content\/uploads\/2021\/07\/FDD-Rennes-jour-4-8-2048x1272.jpeg 2048w\" sizes=\"(max-width: 2560px) 100vw, 2560px\" \/><\/a>\n\t\t\t<\/dt>\n\t\t\t\t<dd class='wp-caption-text gallery-caption' id='gallery-4-2041'>\n\t\t\t\t\u00a9 Nani Blasco Moya\n\t\t\t\t<\/dd><\/dl><dl class='gallery-item'>\n\t\t\t<dt class='gallery-icon landscape'>\n\t\t\t\t<a href='https:\/\/www.f-d-d.eu\/pt\/fusee-de-detresse-7-retour-sur-la-semaine-de-residence\/img_5454\/'><img width=\"2560\" height=\"1707\" src=\"https:\/\/www.f-d-d.eu\/wp-content\/uploads\/2021\/07\/IMG_5454-scaled.jpg\" class=\"attachment-full size-full\" alt=\"\" decoding=\"async\" aria-describedby=\"gallery-4-2047\" loading=\"lazy\" srcset=\"https:\/\/www.f-d-d.eu\/wp-content\/uploads\/2021\/07\/IMG_5454-scaled.jpg 2560w, https:\/\/www.f-d-d.eu\/wp-content\/uploads\/2021\/07\/IMG_5454-300x200.jpg 300w, https:\/\/www.f-d-d.eu\/wp-content\/uploads\/2021\/07\/IMG_5454-1024x683.jpg 1024w, https:\/\/www.f-d-d.eu\/wp-content\/uploads\/2021\/07\/IMG_5454-768x512.jpg 768w, https:\/\/www.f-d-d.eu\/wp-content\/uploads\/2021\/07\/IMG_5454-1536x1024.jpg 1536w, https:\/\/www.f-d-d.eu\/wp-content\/uploads\/2021\/07\/IMG_5454-2048x1365.jpg 2048w\" sizes=\"(max-width: 2560px) 100vw, 2560px\" \/><\/a>\n\t\t\t<\/dt>\n\t\t\t\t<dd class='wp-caption-text gallery-caption' id='gallery-4-2047'>\n\t\t\t\t\u00a9 L\u00e9a Gosselin\n\t\t\t\t<\/dd><\/dl><br style=\"clear: both\" \/><dl class='gallery-item'>\n\t\t\t<dt class='gallery-icon landscape'>\n\t\t\t\t<a href='https:\/\/www.f-d-d.eu\/pt\/fusee-de-detresse-7-retour-sur-la-semaine-de-residence\/img_5451\/'><img width=\"2560\" height=\"1707\" src=\"https:\/\/www.f-d-d.eu\/wp-content\/uploads\/2021\/07\/IMG_5451-scaled.jpg\" class=\"attachment-full size-full\" alt=\"\" decoding=\"async\" aria-describedby=\"gallery-4-2046\" loading=\"lazy\" srcset=\"https:\/\/www.f-d-d.eu\/wp-content\/uploads\/2021\/07\/IMG_5451-scaled.jpg 2560w, https:\/\/www.f-d-d.eu\/wp-content\/uploads\/2021\/07\/IMG_5451-300x200.jpg 300w, https:\/\/www.f-d-d.eu\/wp-content\/uploads\/2021\/07\/IMG_5451-1024x683.jpg 1024w, https:\/\/www.f-d-d.eu\/wp-content\/uploads\/2021\/07\/IMG_5451-768x512.jpg 768w, https:\/\/www.f-d-d.eu\/wp-content\/uploads\/2021\/07\/IMG_5451-1536x1024.jpg 1536w, https:\/\/www.f-d-d.eu\/wp-content\/uploads\/2021\/07\/IMG_5451-2048x1365.jpg 2048w\" sizes=\"(max-width: 2560px) 100vw, 2560px\" \/><\/a>\n\t\t\t<\/dt>\n\t\t\t\t<dd class='wp-caption-text gallery-caption' id='gallery-4-2046'>\n\t\t\t\t\u00a9 L\u00e9a Gosselin\n\t\t\t\t<\/dd><\/dl><dl class='gallery-item'>\n\t\t\t<dt class='gallery-icon landscape'>\n\t\t\t\t<a href='https:\/\/www.f-d-d.eu\/pt\/fusee-de-detresse-7-retour-sur-la-semaine-de-residence\/img_5433\/'><img width=\"2560\" height=\"1707\" src=\"https:\/\/www.f-d-d.eu\/wp-content\/uploads\/2021\/07\/IMG_5433-scaled.jpg\" class=\"attachment-full size-full\" alt=\"\" decoding=\"async\" aria-describedby=\"gallery-4-2043\" loading=\"lazy\" srcset=\"https:\/\/www.f-d-d.eu\/wp-content\/uploads\/2021\/07\/IMG_5433-scaled.jpg 2560w, https:\/\/www.f-d-d.eu\/wp-content\/uploads\/2021\/07\/IMG_5433-300x200.jpg 300w, https:\/\/www.f-d-d.eu\/wp-content\/uploads\/2021\/07\/IMG_5433-1024x683.jpg 1024w, https:\/\/www.f-d-d.eu\/wp-content\/uploads\/2021\/07\/IMG_5433-768x512.jpg 768w, https:\/\/www.f-d-d.eu\/wp-content\/uploads\/2021\/07\/IMG_5433-1536x1024.jpg 1536w, https:\/\/www.f-d-d.eu\/wp-content\/uploads\/2021\/07\/IMG_5433-2048x1365.jpg 2048w\" sizes=\"(max-width: 2560px) 100vw, 2560px\" \/><\/a>\n\t\t\t<\/dt>\n\t\t\t\t<dd class='wp-caption-text gallery-caption' id='gallery-4-2043'>\n\t\t\t\t\u00a9 L\u00e9a Gosselin\n\t\t\t\t<\/dd><\/dl><br style=\"clear: both\" \/>\n\t\t<\/div>\n\n","protected":false},"excerpt":{"rendered":"<p>La semaine de r\u00e9sidence de cr\u00e9ation pour la performance Fus\u00e9e de d\u00e9tresse #7 est termin\u00e9e ! Retour en images sur une semaine riche en partage. Mise en sc\u00e8ne : Paloma Fern\u00e1ndez Sobrino Direction musicale : Alain Brunier Violoncellistes : Alain Brunier, Maxime Lequesne, Matteo Di Capua, Mathilde Bacon, Dimitri Pereira Dos Santos, Barth\u00e9l\u00e9my Blin, Sol\u00e8ne&#8230;  <\/p>\n<ul class=\"readmore\">\n<li><a class=\"excerpt-read-more\" href=\"https:\/\/www.f-d-d.eu\/pt\/fusee-de-detresse-7-retour-sur-la-semaine-de-residence\/\" title=\"Read more Fus\u00e9e de d\u00e9tresse #7 \u2014 Retour sur la semaine de r\u00e9sidence\">Read more <\/a><\/li>\n<\/ul>\n","protected":false},"author":3,"featured_media":2050,"comment_status":"open","ping_status":"open","sticky":false,"template":"","format":"standard","meta":{"footnotes":""},"categories":[1,6],"tags":[],"translation":{"provider":"WPGlobus","version":"2.12.2","language":"pt","enabled_languages":["fr","en","es","pt","tr","it"],"languages":{"fr":{"title":true,"content":true,"excerpt":false},"en":{"title":false,"content":false,"excerpt":false},"es":{"title":false,"content":false,"excerpt":false},"pt":{"title":false,"content":false,"excerpt":false},"tr":{"title":false,"content":false,"excerpt":false},"it":{"title":false,"content":false,"excerpt":false}}},"acf":[],"_links":{"self":[{"href":"https:\/\/www.f-d-d.eu\/pt\/wp-json\/wp\/v2\/posts\/1975"}],"collection":[{"href":"https:\/\/www.f-d-d.eu\/pt\/wp-json\/wp\/v2\/posts"}],"about":[{"href":"https:\/\/www.f-d-d.eu\/pt\/wp-json\/wp\/v2\/types\/post"}],"author":[{"embeddable":true,"href":"https:\/\/www.f-d-d.eu\/pt\/wp-json\/wp\/v2\/users\/3"}],"replies":[{"embeddable":true,"href":"https:\/\/www.f-d-d.eu\/pt\/wp-json\/wp\/v2\/comments?post=1975"}],"version-history":[{"count":10,"href":"https:\/\/www.f-d-d.eu\/pt\/wp-json\/wp\/v2\/posts\/1975\/revisions"}],"predecessor-version":[{"id":2133,"href":"https:\/\/www.f-d-d.eu\/pt\/wp-json\/wp\/v2\/posts\/1975\/revisions\/2133"}],"wp:featuredmedia":[{"embeddable":true,"href":"https:\/\/www.f-d-d.eu\/pt\/wp-json\/wp\/v2\/media\/2050"}],"wp:attachment":[{"href":"https:\/\/www.f-d-d.eu\/pt\/wp-json\/wp\/v2\/media?parent=1975"}],"wp:term":[{"taxonomy":"category","embeddable":true,"href":"https:\/\/www.f-d-d.eu\/pt\/wp-json\/wp\/v2\/categories?post=1975"},{"taxonomy":"post_tag","embeddable":true,"href":"https:\/\/www.f-d-d.eu\/pt\/wp-json\/wp\/v2\/tags?post=1975"}],"curies":[{"name":"wp","href":"https:\/\/api.w.org\/{rel}","templated":true}]}}